{"id":1237,"date":"2022-10-19T21:46:01","date_gmt":"2022-10-19T19:46:01","guid":{"rendered":"https:\/\/www.tv-maximiliansau.de\/?p=1237"},"modified":"2022-10-19T22:44:58","modified_gmt":"2022-10-19T20:44:58","slug":"mannschafts-gaubestenkaempfen-2022","status":"publish","type":"post","link":"https:\/\/www.tv-maximiliansau.de\/index.php\/2022\/10\/19\/mannschafts-gaubestenkaempfen-2022\/","title":{"rendered":"Mannschafts-Gaubestenk\u00e4mpfen 2022"},"content":{"rendered":"\n<p class=\"has-small-font-size\">Am 1. und 2. Oktober 2022 fanden in Edenkoben die diesj\u00e4hrigen Mannschafts-Gaubestenk\u00e4mpfe statt. Nachdem unsere Turnm\u00e4dchen im Fr\u00fchjahr nach zweij\u00e4hriger Pause wieder erste Wettkampfluft schnuppern konnten, starteten wir gut vorbereitet mit vier Mannschaften in drei Altersklassen. Dabei besteht eine Mannschaft aus bis zu sieben Turnerinnen. Pro Ger\u00e4t (Sprung, Reck\/ Stufenbarren, Balken, Boden) turnen immer vier M\u00e4dchen, von denen nur die besten drei in die Wertung kommen.<\/p>\n\n\n\n<!--more-->\n\n\n\n<p class=\"has-small-font-size\">Den Anfang machten unsere \u00e4ltesten M\u00e4dchen (Jahrgang 2007-2009) im Jahrgangsoffenen Wettkampf.  Vanessa, Lina, Emma und Matilda turnten einen guten Wettkampf mit kleinen Fehlern und erreichten am Ende den 3. Platz.<br>Unsere Kleisten traten mit zwei Mannschaften im Wettkampf Jahrgang 2012 und j\u00fcnger an.<br>Klara, Milena, Maya, Anouk und Helena turnten einen starken Wettkampf und freuten sich \u00fcber die silber Medaille.<br>Melis, Anna, Johanna und Marlena gingen als j\u00fcngere Mannschaft an den Start. Sie zeigten sch\u00f6ne \u00dcbungen und erturnten sich den 7. Platz.<br>Am Sonntag morgen ging unsere letzte Mannschaft an den Start. Im Jahrgang 2008 und j\u00fcnger hatten Emma, Vanessa, Lea, Laura, Dahlia, Zoe und Kaja mit 13 Mannschaften das st\u00e4rkste Teilnehmerfeld. Leider konnten nicht alle M\u00e4dchen ihre Leistungen aus dem Training abrufen, sodass es nur f\u00fcr Platz 8 reichte.<\/p>\n\n\n\n<p class=\"has-small-font-size\">Unsere beiden Mannschaften auf dem Treppchen haben sich f\u00fcr die Landesbestenk\u00e4mpfe am 5. und 6. November in Hassloch qualifiziert, bei denen sie sich mit den 12 besten Mannschaften aus dem Turngau Speyer messen k\u00f6nnen.<\/p>\n\n\n\n<p class=\"has-accent-color has-text-color has-small-font-size\">Die Turnabteilung ist stolz auf die Turnm\u00e4dchen und ihre Leistung! Danke auch an alle Trainer und Kampfrichter, die den Tag in der Halle verbracht haben, an alle Eltern, die einen Kuchen gebacken haben und beim Auf- und Abbau der Ger\u00e4re geholfen haben! Ihr sied spitze!<\/p>\n\n\n\n<figure class=\"wp-block-gallery alignfull has-nested-images columns-default wp-block-gallery-1 is-layout-flex wp-block-gallery-is-layout-flex\">\n<figure class=\"wp-block-image size-large is-style-default\"><img loading=\"lazy\" decoding=\"async\" width=\"1024\" height=\"852\" data-id=\"1242\" src=\"https:\/\/www.tv-maximiliansau.de\/wp-content\/uploads\/2022\/10\/IMG_2575-1024x852.jpeg\" alt=\"\" class=\"wp-image-1242\" srcset=\"https:\/\/www.tv-maximiliansau.de\/wp-content\/uploads\/2022\/10\/IMG_2575-1024x852.jpeg 1024w, https:\/\/www.tv-maximiliansau.de\/wp-content\/uploads\/2022\/10\/IMG_2575-300x250.jpeg 300w, https:\/\/www.tv-maximiliansau.de\/wp-content\/uploads\/2022\/10\/IMG_2575-768x639.jpeg 768w, https:\/\/www.tv-maximiliansau.de\/wp-content\/uploads\/2022\/10\/IMG_2575-1536x1278.jpeg 1536w, https:\/\/www.tv-maximiliansau.de\/wp-content\/uploads\/2022\/10\/IMG_2575-1200x999.jpeg 1200w, https:\/\/www.tv-maximiliansau.de\/wp-content\/uploads\/2022\/10\/IMG_2575.jpeg 1944w\" sizes=\"auto, (max-width: 1024px) 100vw, 1024px\" \/><\/figure>\n\n\n\n<figure class=\"wp-block-image size-large\"><img loading=\"lazy\" decoding=\"async\" width=\"615\" height=\"1024\" data-id=\"1240\" src=\"https:\/\/www.tv-maximiliansau.de\/wp-content\/uploads\/2022\/10\/IMG_2541-615x1024.jpeg\" alt=\"\" class=\"wp-image-1240\" srcset=\"https:\/\/www.tv-maximiliansau.de\/wp-content\/uploads\/2022\/10\/IMG_2541-615x1024.jpeg 615w, https:\/\/www.tv-maximiliansau.de\/wp-content\/uploads\/2022\/10\/IMG_2541-180x300.jpeg 180w, https:\/\/www.tv-maximiliansau.de\/wp-content\/uploads\/2022\/10\/IMG_2541-768x1279.jpeg 768w, https:\/\/www.tv-maximiliansau.de\/wp-content\/uploads\/2022\/10\/IMG_2541-922x1536.jpeg 922w, https:\/\/www.tv-maximiliansau.de\/wp-content\/uploads\/2022\/10\/IMG_2541-1229x2048.jpeg 1229w, https:\/\/www.tv-maximiliansau.de\/wp-content\/uploads\/2022\/10\/IMG_2541-1200x1999.jpeg 1200w, https:\/\/www.tv-maximiliansau.de\/wp-content\/uploads\/2022\/10\/IMG_2541.jpeg 1374w\" sizes=\"auto, (max-width: 615px) 100vw, 615px\" \/><\/figure>\n\n\n\n<figure class=\"wp-block-image size-large\"><img loading=\"lazy\" decoding=\"async\" width=\"768\" height=\"1024\" data-id=\"1238\" src=\"https:\/\/www.tv-maximiliansau.de\/wp-content\/uploads\/2022\/10\/3e4d002d-8f95-49c2-a364-ed44eb615837-768x1024.jpg\" alt=\"\" class=\"wp-image-1238\" srcset=\"https:\/\/www.tv-maximiliansau.de\/wp-content\/uploads\/2022\/10\/3e4d002d-8f95-49c2-a364-ed44eb615837-768x1024.jpg 768w, https:\/\/www.tv-maximiliansau.de\/wp-content\/uploads\/2022\/10\/3e4d002d-8f95-49c2-a364-ed44eb615837-225x300.jpg 225w, https:\/\/www.tv-maximiliansau.de\/wp-content\/uploads\/2022\/10\/3e4d002d-8f95-49c2-a364-ed44eb615837-1152x1536.jpg 1152w, https:\/\/www.tv-maximiliansau.de\/wp-content\/uploads\/2022\/10\/3e4d002d-8f95-49c2-a364-ed44eb615837-1200x1600.jpg 1200w, https:\/\/www.tv-maximiliansau.de\/wp-content\/uploads\/2022\/10\/3e4d002d-8f95-49c2-a364-ed44eb615837.jpg 1536w\" sizes=\"auto, (max-width: 768px) 100vw, 768px\" \/><\/figure>\n<\/figure>\n\n\n\n<div class=\"wp-block-uagb-image uagb-block-fd9bed84 wp-block-uagb-image--layout-default wp-block-uagb-image--effect-static wp-block-uagb-image--align-none\"><figure class=\"wp-block-uagb-image__figure\"><img decoding=\"async\" srcset=\"https:\/\/www.tv-maximiliansau.de\/wp-content\/uploads\/2022\/10\/IMG_2539-1-1024x646.jpeg \" src=\"https:\/\/www.tv-maximiliansau.de\/wp-content\/uploads\/2022\/10\/IMG_2539-1-1024x646.jpeg\" alt=\"\" class=\"uag-image-1256\" width=\"\" height=\"\" title=\"\"\/><\/figure><\/div>\n","protected":false},"excerpt":{"rendered":"<p>Am 1. und 2. Oktober 2022 fanden in Edenkoben die diesj\u00e4hrigen Mannschafts-Gaubestenk\u00e4mpfe statt. Nachdem unsere Turnm\u00e4dchen im Fr\u00fchjahr nach zweij\u00e4hriger Pause wieder erste Wettkampfluft schnuppern konnten, starteten wir gut vorbereitet [&hellip;]<\/p>\n","protected":false},"author":9,"featured_media":1243,"comment_status":"closed","ping_status":"open","sticky":false,"template":"templates\/template-full-width.php","format":"standard","meta":{"_uag_custom_page_level_css":"","footnotes":""},"categories":[12,43],"tags":[46,45],"class_list":["post-1237","post","type-post","status-publish","format-standard","has-post-thumbnail","hentry","category-turnen","category-wettkampf","tag-geraetturnen","tag-turnen"],"uagb_featured_image_src":{"full":["https:\/\/www.tv-maximiliansau.de\/wp-content\/uploads\/2022\/10\/IMG_2693.jpeg",2059,1170,false],"thumbnail":["https:\/\/www.tv-maximiliansau.de\/wp-content\/uploads\/2022\/10\/IMG_2693-150x150.jpeg",150,150,true],"medium":["https:\/\/www.tv-maximiliansau.de\/wp-content\/uploads\/2022\/10\/IMG_2693-300x170.jpeg",300,170,true],"medium_large":["https:\/\/www.tv-maximiliansau.de\/wp-content\/uploads\/2022\/10\/IMG_2693-768x436.jpeg",580,329,true],"large":["https:\/\/www.tv-maximiliansau.de\/wp-content\/uploads\/2022\/10\/IMG_2693-1024x582.jpeg",580,330,true],"1536x1536":["https:\/\/www.tv-maximiliansau.de\/wp-content\/uploads\/2022\/10\/IMG_2693-1536x873.jpeg",1536,873,true],"2048x2048":["https:\/\/www.tv-maximiliansau.de\/wp-content\/uploads\/2022\/10\/IMG_2693-2048x1164.jpeg",2048,1164,true],"post-thumbnail":["https:\/\/www.tv-maximiliansau.de\/wp-content\/uploads\/2022\/10\/IMG_2693-1200x682.jpeg",1200,682,true],"twentytwenty-fullscreen":["https:\/\/www.tv-maximiliansau.de\/wp-content\/uploads\/2022\/10\/IMG_2693-1980x1125.jpeg",1980,1125,true]},"uagb_author_info":{"display_name":"Marie Chassein","author_link":"https:\/\/www.tv-maximiliansau.de\/index.php\/author\/mchassein\/"},"uagb_comment_info":0,"uagb_excerpt":"Am 1. und 2. Oktober 2022 fanden in Edenkoben die diesj\u00e4hrigen Mannschafts-Gaubestenk\u00e4mpfe statt. Nachdem unsere Turnm\u00e4dchen im Fr\u00fchjahr nach zweij\u00e4hriger Pause wieder erste Wettkampfluft schnuppern konnten, starteten wir gut vorbereitet [&hellip;]","_links":{"self":[{"href":"https:\/\/www.tv-maximiliansau.de\/index.php\/wp-json\/wp\/v2\/posts\/1237","targetHints":{"allow":["GET"]}}],"collection":[{"href":"https:\/\/www.tv-maximiliansau.de\/index.php\/wp-json\/wp\/v2\/posts"}],"about":[{"href":"https:\/\/www.tv-maximiliansau.de\/index.php\/wp-json\/wp\/v2\/types\/post"}],"author":[{"embeddable":true,"href":"https:\/\/www.tv-maximiliansau.de\/index.php\/wp-json\/wp\/v2\/users\/9"}],"replies":[{"embeddable":true,"href":"https:\/\/www.tv-maximiliansau.de\/index.php\/wp-json\/wp\/v2\/comments?post=1237"}],"version-history":[{"count":10,"href":"https:\/\/www.tv-maximiliansau.de\/index.php\/wp-json\/wp\/v2\/posts\/1237\/revisions"}],"predecessor-version":[{"id":1278,"href":"https:\/\/www.tv-maximiliansau.de\/index.php\/wp-json\/wp\/v2\/posts\/1237\/revisions\/1278"}],"wp:featuredmedia":[{"embeddable":true,"href":"https:\/\/www.tv-maximiliansau.de\/index.php\/wp-json\/wp\/v2\/media\/1243"}],"wp:attachment":[{"href":"https:\/\/www.tv-maximiliansau.de\/index.php\/wp-json\/wp\/v2\/media?parent=1237"}],"wp:term":[{"taxonomy":"category","embeddable":true,"href":"https:\/\/www.tv-maximiliansau.de\/index.php\/wp-json\/wp\/v2\/categories?post=1237"},{"taxonomy":"post_tag","embeddable":true,"href":"https:\/\/www.tv-maximiliansau.de\/index.php\/wp-json\/wp\/v2\/tags?post=1237"}],"curies":[{"name":"wp","href":"https:\/\/api.w.org\/{rel}","templated":true}]}}