{"id":1098,"date":"2022-04-03T10:33:51","date_gmt":"2022-04-03T08:33:51","guid":{"rendered":"https:\/\/www.tv-maximiliansau.de\/?p=1098"},"modified":"2022-04-03T10:34:51","modified_gmt":"2022-04-03T08:34:51","slug":"guertelpruefung-taekwondo","status":"publish","type":"post","link":"https:\/\/www.tv-maximiliansau.de\/index.php\/2022\/04\/03\/guertelpruefung-taekwondo\/","title":{"rendered":"G\u00fcrtelpr\u00fcfung  Taekwondo"},"content":{"rendered":"\n<p>Am 02. April fand f\u00fcr unsere Taekwondo-Teilnehmer eine G\u00fcrtelpr\u00fcfung in Karlsruhe statt. Die wackeren K\u00e4mpfer haben alle Anforderungen erf\u00fcllt und eine tolle Pr\u00fcfung absolviert. Langsam wird unsere Truppe bunter:<\/p>\n\n\n\n<p>Markus Kutterer, Aron Kutterer, Anton Mehlmann, Frank Hoffmann und Joshua Hoffmann d\u00fcrfen nun den gelben G\u00fcrtel tragen.<\/p>\n\n\n\n<p>Thomas D\u00fcmler ist jetzt Inhaber des gr\u00fcnen G\u00fcrtels.<\/p>\n\n\n\n<p>Hier geht`s zur offiziellen Mitteilung: <\/p>\n\n\n\n<figure class=\"wp-block-embed is-type-wp-embed is-provider-taekwondo-maximiliansau wp-block-embed-taekwondo-maximiliansau\"><div class=\"wp-block-embed__wrapper\">\n<blockquote class=\"wp-embedded-content\" data-secret=\"G9WUXoyKL5\"><a href=\"https:\/\/taekwondo-maximiliansau.de\/kup-pruefung-erfolgreich-bestanden-2\">Kup-Pr\u00fcfung erfolgreich bestanden<\/a><\/blockquote><iframe loading=\"lazy\" class=\"wp-embedded-content\" sandbox=\"allow-scripts\" security=\"restricted\" style=\"position: absolute; clip: rect(1px, 1px, 1px, 1px);\" title=\"&#8222;Kup-Pr\u00fcfung erfolgreich bestanden&#8220; &#8212; Taekwondo-Maximiliansau\" src=\"https:\/\/taekwondo-maximiliansau.de\/kup-pruefung-erfolgreich-bestanden-2\/embed#?secret=od0SAUDMEY#?secret=G9WUXoyKL5\" data-secret=\"G9WUXoyKL5\" width=\"580\" height=\"327\" frameborder=\"0\" marginwidth=\"0\" marginheight=\"0\" scrolling=\"no\"><\/iframe>\n<\/div><\/figure>\n\n\n\n<p>Herzlichen Gl\u00fcckwunsch an alle Teilnehmer.<\/p>\n\n\n\n<p><\/p>\n","protected":false},"excerpt":{"rendered":"<p>Am 02. April fand f\u00fcr unsere Taekwondo-Teilnehmer eine G\u00fcrtelpr\u00fcfung in Karlsruhe statt. Die wackeren K\u00e4mpfer haben alle Anforderungen erf\u00fcllt und eine tolle Pr\u00fcfung absolviert. Langsam wird unsere Truppe bunter: Markus [&hellip;]<\/p>\n","protected":false},"author":10,"featured_media":0,"comment_status":"closed","ping_status":"open","sticky":false,"template":"","format":"standard","meta":{"_uag_custom_page_level_css":"","footnotes":""},"categories":[11],"tags":[],"class_list":["post-1098","post","type-post","status-publish","format-standard","hentry","category-taekwondo"],"uagb_featured_image_src":{"full":false,"thumbnail":false,"medium":false,"medium_large":false,"large":false,"1536x1536":false,"2048x2048":false,"post-thumbnail":false,"twentytwenty-fullscreen":false},"uagb_author_info":{"display_name":"R\u00fcdiger Mach","author_link":"https:\/\/www.tv-maximiliansau.de\/index.php\/author\/rmach\/"},"uagb_comment_info":0,"uagb_excerpt":"Am 02. April fand f\u00fcr unsere Taekwondo-Teilnehmer eine G\u00fcrtelpr\u00fcfung in Karlsruhe statt. Die wackeren K\u00e4mpfer haben alle Anforderungen erf\u00fcllt und eine tolle Pr\u00fcfung absolviert. Langsam wird unsere Truppe bunter: Markus [&hellip;]","_links":{"self":[{"href":"https:\/\/www.tv-maximiliansau.de\/index.php\/wp-json\/wp\/v2\/posts\/1098","targetHints":{"allow":["GET"]}}],"collection":[{"href":"https:\/\/www.tv-maximiliansau.de\/index.php\/wp-json\/wp\/v2\/posts"}],"about":[{"href":"https:\/\/www.tv-maximiliansau.de\/index.php\/wp-json\/wp\/v2\/types\/post"}],"author":[{"embeddable":true,"href":"https:\/\/www.tv-maximiliansau.de\/index.php\/wp-json\/wp\/v2\/users\/10"}],"replies":[{"embeddable":true,"href":"https:\/\/www.tv-maximiliansau.de\/index.php\/wp-json\/wp\/v2\/comments?post=1098"}],"version-history":[{"count":1,"href":"https:\/\/www.tv-maximiliansau.de\/index.php\/wp-json\/wp\/v2\/posts\/1098\/revisions"}],"predecessor-version":[{"id":1099,"href":"https:\/\/www.tv-maximiliansau.de\/index.php\/wp-json\/wp\/v2\/posts\/1098\/revisions\/1099"}],"wp:attachment":[{"href":"https:\/\/www.tv-maximiliansau.de\/index.php\/wp-json\/wp\/v2\/media?parent=1098"}],"wp:term":[{"taxonomy":"category","embeddable":true,"href":"https:\/\/www.tv-maximiliansau.de\/index.php\/wp-json\/wp\/v2\/categories?post=1098"},{"taxonomy":"post_tag","embeddable":true,"href":"https:\/\/www.tv-maximiliansau.de\/index.php\/wp-json\/wp\/v2\/tags?post=1098"}],"curies":[{"name":"wp","href":"https:\/\/api.w.org\/{rel}","templated":true}]}}